{"id":3751,"date":"2011-12-07T14:27:50","date_gmt":"2011-12-07T14:27:50","guid":{"rendered":"http:\/\/www.interdominternships.org\/?p=3751"},"modified":"2015-12-23T14:29:54","modified_gmt":"2015-12-23T14:29:54","slug":"interdom-promotes-successful-internship-programs-the-entra-conectado-project-of-the-sur-futuro-foundation","status":"publish","type":"post","link":"https:\/\/www.interdominternships.org\/es\/interdom-promotes-successful-internship-programs-the-entra-conectado-project-of-the-sur-futuro-foundation\/","title":{"rendered":"InteRDom promueve programas de pasant\u00edas exitosos: Proyecto Entra Conectado de la Fundaci\u00f3n Sur Futuro."},"content":{"rendered":"<p>La Coordinadora de Pasant\u00edas y Relaciones Corporativas de InteRDom, Reyna Rodr\u00edguez, form\u00f3 parte del encuentro con colaboradores y aliados de la Fundaci\u00f3n Sur Futuro en la presentaci\u00f3n de los resultados alcanzados en su proyecto Entra Conectado: \u201cJ\u00f3venes Emprendedores para el Mundo del Trabajo\u201d.<!--more--><\/p>\n<p>Entra Conectado es un proyecto de formaci\u00f3n e inserci\u00f3n laboral en el que participan <strong>428<\/strong> j\u00f3venes de la<strong>Regi\u00f3n Sur de la Republica Dominicana<\/strong>, en colaboraci\u00f3n con el <strong>Ministerio de Trabajo<\/strong>, La<strong>International Youth Foundation (IYF)<\/strong> y el <strong>FOMIN<\/strong>. La iniciativa tiene como <strong>objetivo<\/strong> fomentar habilidades para la vida y el trabajo, competencias b\u00e1sicas, tecnolog\u00eda de la informaci\u00f3n y comunicaci\u00f3n, as\u00ed como capacitaci\u00f3n t\u00e9cnica en \u00e1reas actualmente demandadas por los sectores productivos del pa\u00eds. (Fuente: <a href=\"http:\/\/www.surfuturo.org\/saladeprensa\/index.htm\">www.surfuturo.org\/saladeprensa\/index.htm<\/a>)<\/p>\n<p>El evento inici\u00f3 con las palabras de bienvenida de la presidenta y fundadora de Sur Futuro, la Se\u00f1ora Melba Segura de Grull\u00f3n, quien inform\u00f3 que durante el evento se presentar\u00edan los logros del proyecto as\u00ed como las lecciones aprendidas. Adem\u00e1s, contaban con la presencia de algunos de los j\u00f3venes beneficiados del programa quienes dar\u00edan su testimonio.<\/p>\n<p>El proyecto tuvo una <strong>duraci\u00f3n de 6 meses<\/strong> donde el <strong>\u00faltimo mes y medio<\/strong> fueron para realizar<strong>pasant\u00edas<\/strong> en el \u00e1rea de capacitaci\u00f3n. 150 empresas dominicanas acogieron a los j\u00f3venes en su programa de pasant\u00edas. La mayor\u00eda de los que ingresaron como pasantes a empresas, lograron quedarse como empleados permanentes en las mismas. Luego de terminar el programa, el 41% logr\u00f3 insertarse en el mercado laboral <strong>generando ingresos entre RD$4,000 a RD$25,000 pesos dominicanos<\/strong>, ya sea por trabajos en empresas o en sus propios proyectos (emprendedores).<\/p>\n<p>De acuerdo al testimonio de los j\u00f3venes, los cursos que m\u00e1s valoraron fueron los de\u00a0 <strong>habilidades para la vida e inteligencia emocional<\/strong>. Jairo Polo, joven beneficiado por el programa, indic\u00f3 <strong>\u201cantes yo era cortador de ca\u00f1a\u201d,<\/strong> luego del programa ha iniciado su empresa de venta de productos qu\u00edmicos y hasta tiene dos empleados a su cargo. Para algunos, la pasant\u00eda realizada mediante el programa Entra Conectado fue su primera experiencia de trabajo.<\/p>\n<p>Para trabajar la <strong>colocaci\u00f3n laboral<\/strong> se aliaron con el <strong>Programa Juventud y Empleo de la Secretar\u00eda de Trabajo<\/strong>, quienes aportaron un estipendio para el transporte de los j\u00f3venes a los centros de capacitaci\u00f3n. Determinaron que el <strong>proceso para encontrar empleo en Rep\u00fablica Dominicana<\/strong> es de 6 meses a 1 a\u00f1o, lo que significa que es un proceso muy largo.<br \/>\nLa parte de la <strong>capacitaci\u00f3n<\/strong> la trabajaron en alianza con el <strong>Instituto Polit\u00e9cnico Loyola<\/strong> (San Crist\u00f3bal) y el instituto Polit\u00e9cnico de Azua donde dejaron establecidas <strong>Oficinas de Intermediaci\u00f3n Laboral.<\/strong><\/p>\n<p>Para desarrollar los proyectos de los emprendedores <strong>se auxiliaron de los estudiantes<\/strong> <strong>universitarios<\/strong>de la UASD, APEC y PUCMM como parte de las pasant\u00edas de estos estudiantes.<br \/>\nEl evento cont\u00f3 con la presencia de Karen Ricardo, representante del Congreso Nacional, quien propuls\u00f3 la ley que regula las pasant\u00edas en la Rep\u00fablica Dominicana.<br \/>\n<strong>Resultados en n\u00fameros:<\/strong><\/p>\n<p><u>Tomaron una <strong>muestra de 91 j\u00f3venes<\/strong> para presentar los siguientes indicadores:<\/u><\/p>\n<p>*<strong>Poblaci\u00f3n:<\/strong> J\u00f3venes 17 a 29 a\u00f1os en su mayor\u00eda desertores del sistema educativo, que es la poblaci\u00f3n que tiene menos acceso al trabajo.<\/p>\n<p>*<strong>Procedencia:<\/strong> 62% zonas rurales y 38% zonas urbanas. San Crist\u00f3bal, Azua, Bohech\u00edo, Padre las Casas y Tamayo.<\/p>\n<p>*El 58% ten\u00eda entre 20 a 24 <strong>a\u00f1os.<\/strong><\/p>\n<p>*<strong>Sexo:<\/strong> 52% mujeres, 48 % hombres<\/p>\n<p>*<strong>Estado Civil:<\/strong> Al inicio del proyecto 83.3 % eran solteros.<\/p>\n<p>*La <strong>tasa de desempleo<\/strong> era mayor en las mujeres (17.3 %) que en los hombres (13.3%)<\/p>\n<p>*El 66.6% de los j\u00f3venes <strong>menores de 20 a\u00f1os<\/strong> est\u00e1 trabajando. De estos 7 trabajaban al inicio de la capacitaci\u00f3n y al final lograron colocarse 29.<\/p>\n<p>*85% de los j\u00f3venes considera que tiene <strong>un futuro m\u00e1s prometedor<\/strong> luego de realizar el programa Entra Conectado.<\/p>\n<p>De acuerdo a Susana Do\u00f1\u00e9, Gerente Social de la Fundaci\u00f3n Sur Futuro, \u201cel reto principal fue <strong>lograr el compromiso de los j\u00f3venes<\/strong> para romper el c\u00edrculo de la pobreza en el que se encuentran\u201d, \u201c\u2026la idea es buscar <strong>soluciones integrales<\/strong> que contribuyan a generar ingresos a familias pobres.\u201d<\/p>\n<p>InteRDom respalda estos proyectos que promueven las pr\u00e1cticas laborales, logrando la inserci\u00f3n de j\u00f3venes dominicanos en el mercado laboral. La participaci\u00f3n de InteRDom en el encuentro, fortalece la alianza entre las dos organizaciones, y fomenta una cultura de pasant\u00edas de car\u00e1cter global: compartiendo las mejores pr\u00e1cticas para beneficiar a grupos diversos, dominicanos y de todas partes del mundo.<\/p>","protected":false},"excerpt":{"rendered":"<p>Disculpa, pero esta entrada est\u00e1 disponible s\u00f3lo en ingl\u00e9s estadounidense.<\/p>\n","protected":false},"author":4,"featured_media":3752,"comment_status":"open","ping_status":"open","sticky":false,"template":"","format":"standard","meta":[],"categories":[8],"tags":[],"_links":{"self":[{"href":"https:\/\/www.interdominternships.org\/es\/wp-json\/wp\/v2\/posts\/3751"}],"collection":[{"href":"https:\/\/www.interdominternships.org\/es\/wp-json\/wp\/v2\/posts"}],"about":[{"href":"https:\/\/www.interdominternships.org\/es\/wp-json\/wp\/v2\/types\/post"}],"author":[{"embeddable":true,"href":"https:\/\/www.interdominternships.org\/es\/wp-json\/wp\/v2\/users\/4"}],"replies":[{"embeddable":true,"href":"https:\/\/www.interdominternships.org\/es\/wp-json\/wp\/v2\/comments?post=3751"}],"version-history":[{"count":1,"href":"https:\/\/www.interdominternships.org\/es\/wp-json\/wp\/v2\/posts\/3751\/revisions"}],"predecessor-version":[{"id":3753,"href":"https:\/\/www.interdominternships.org\/es\/wp-json\/wp\/v2\/posts\/3751\/revisions\/3753"}],"wp:featuredmedia":[{"embeddable":true,"href":"https:\/\/www.interdominternships.org\/es\/wp-json\/wp\/v2\/media\/3752"}],"wp:attachment":[{"href":"https:\/\/www.interdominternships.org\/es\/wp-json\/wp\/v2\/media?parent=3751"}],"wp:term":[{"taxonomy":"category","embeddable":true,"href":"https:\/\/www.interdominternships.org\/es\/wp-json\/wp\/v2\/categories?post=3751"},{"taxonomy":"post_tag","embeddable":true,"href":"https:\/\/www.interdominternships.org\/es\/wp-json\/wp\/v2\/tags?post=3751"}],"curies":[{"name":"wp","href":"https:\/\/api.w.org\/{rel}","templated":true}]}}