{"id":1003,"date":"2013-06-23T16:21:21","date_gmt":"2013-06-23T16:21:21","guid":{"rendered":"http:\/\/www.interdominternships.org\/id\/?p=1003"},"modified":"2015-12-18T15:11:37","modified_gmt":"2015-12-18T15:11:37","slug":"correspondent-spotlight-kim-sanchez","status":"publish","type":"post","link":"https:\/\/www.interdominternships.org\/es\/correspondent-spotlight-kim-sanchez\/","title":{"rendered":"Corresponsal Destacado: Kim S\u00e1nchez"},"content":{"rendered":"<p>Les presentamos a Kim Sanchez, estudiante de licenciatura en cinematograf\u00eda y video con especialidad en administraci\u00f3n de empresas en la Universidad de Toledo, Ohio.Es la primera corresponsal de InteRDom que va a trabajar en una plataforma multimedia a trav\u00e9s de sus blogs y cortometrajes.<!--more--><\/p>\n<p><img loading=\"lazy\" class=\"alignright\" src=\"http:\/\/interdominternships.org\/backup\/images\/destacado_kim.jpg\" alt=\"Corresponsal Destacado: Kim Sanchez\" width=\"222\" height=\"222\" \/>Kim participa en el programa Verano Caribe\u00f1o y est\u00e1 realizando su pasant\u00eda en el departamento audiovisual de la Fundaci\u00f3n Global Democracia y Desarrollo (<a href=\"http:\/\/www.funglode.org\/\" target=\"_blank\">FUNGLODE<\/a>) como Asistente de Audiovisuales. Su pasant\u00eda consistir\u00e1 en apoyar proyectos audiovisuales de InteRDom grabando actividades culturales y Encuentros, adem\u00e1s de ayudar en la producci\u00f3n del proyecto \u00ab<a href=\"http:\/\/interdominternships.org\/video.asp#cultural\">Student of the Week <\/a>\u00ab. En las dos primeras semanas de su estad\u00eda ya ha realizado dos cortometrajes de promoci\u00f3n de la cultura dominicana utilizando para ello el reportaje de un viaje personal a<a href=\"http:\/\/www.youtube.com\/watch?v=B-13_462uv8\">Yamas\u00e1<\/a> y una <a href=\"http:\/\/www.youtube.com\/watch?v=GzatLix8sW0&amp;feature=em-share_video_user\">excursi\u00f3n cultural a la Zona Colonial<\/a> organizada por InteRDom.<\/p>\n<p>La idea de Kim es globalizarse a trav\u00e9s de la producci\u00f3n de documentales y espera que su pasant\u00eda de este verano le abra los ojos a nuevas culturas y oportunidades y le procure una nueva perspectiva del mundo utilizando la cinematograf\u00eda como herramienta.<\/p>\n<p><strong>P:<\/strong> <b>\u00bf<\/b> <strong>D\u00f3nde creciste?<br \/>\n<\/strong><br \/>\nR: Crec\u00ed en los suburbios de Columbus, Ohio, donde no hay tanta diversidad como en otros lugares. Al ir madurando me di cuenta de que la gente que me rodeada era bastante cerrada, lo que impuls\u00f3 mis ganas de salir y ver el mundo.<\/p>\n<p><b>P: \u00bfQu\u00e9 despert\u00f3 tu inter\u00e9s en las pel\u00edculas y los videos?<\/b><\/p>\n<p>R: El cine siempre me ha interesado, me encanta. Siempre he estado cerca, cuando era peque\u00f1a mis hermanas trabajaban en una sala de cine y siempre est\u00e1bamos viendo pel\u00edculas. Creo que lo que quiero hacer es dirigir pel\u00edculas y ser creativa a trav\u00e9s del cine. He hecho muchas cosas de ficci\u00f3n y me he dado cuenta de lo dif\u00edcil que es; hay que combinar muchos elementos para crear una pel\u00edcula. Tambi\u00e9n hice un poco de cine musical y experimental, pero cuando descubr\u00ed el mundo de los documentales me qued\u00e9 maravillada. Hay muchas verdades por descubrir mediante la producci\u00f3n de documentales.<\/p>\n<p><b>P: \u00bfCu\u00e1l es tu pel\u00edcula favorita?<\/b><\/p>\n<p>R: \u00abEternal Sunshine of the Spotless Mind\u00bb de Michel Gondry me gust\u00f3 mucho porque refleja perfectamente c\u00f3mo somos los seres humanos y c\u00f3mo nos funciona la mente, y eso me parece muy interesante. Otra raz\u00f3n que me llev\u00f3 a meterme en esta profesi\u00f3n es haber visto este tipo de pel\u00edculas, la sensaci\u00f3n que me invade despu\u00e9s de verlas es como si abandonara mi cuerpo por un instante y pensara: \u00abGuau, me siento muy inspirada, yo quiero hacer algo as\u00ed\u00bb. Quiero hacer pel\u00edculas para inspirar a los dem\u00e1s del mismo modo que a m\u00ed me inspiran esta clase de pel\u00edculas.<\/p>\n<p><strong>P: \u00bfYa hab\u00edas viajado al extranjero antes de venir?<\/strong><\/p>\n<p>R: S\u00ed, el \u00faltimo viaje que hice fue en primavera. Fue un viaje de diez d\u00edas a Portugal y las Azores para tomar fotograf\u00edas. El objetivo del viaje era adquirir pr\u00e1ctica en lo que significa transportar el equipo y estar en un lugar nuevo y diferente en calidad de fot\u00f3grafos. La tarea encomendada era crear un video del viaje, ahora estoy realizando el proceso de edici\u00f3n. Estando all\u00ed se me plantearon una serie de cuestiones \u00e9ticas, como \u00ab\u00bfest\u00e1 bien tomar fotograf\u00edas de este lugar y de esta persona?\u00bb Fue una experiencia muy interesante.<\/p>\n<p><strong>P: \u00bfPor qu\u00e9 decidiste participar en el Programa de Corresponsales?<\/strong><\/p>\n<p>R: Me pareci\u00f3 una oportunidad muy buena, adem\u00e1s me interes\u00f3 el periodismo fotogr\u00e1fico, que es muy parecido, una buena pr\u00e1ctica. Tambi\u00e9n me gustan mucho las redes sociales y quiero promover mis textos, pel\u00edculas y fotograf\u00edas del programa InteRDom a trav\u00e9s de estas plataformas.<br \/>\n<strong>P: \u00bfDe qu\u00e9 manera crees que el programa contribuye a alcanzar tus metas acad\u00e9micas\/profesionales?<\/strong><\/p>\n<p>R: Creo que el programa InteRDom me va a abrir muchas puertas y que el hecho de trabajar con una fundaci\u00f3n internacional como FUNGLODE me ofrecer\u00e1 muchas oportunidades maravillosas. De hecho, siento que ya estoy aprendiendo y adquiriendo capacidades que no ten\u00eda, y eso es muy interesante.<\/p>\n<p><strong>P: \u00bfCu\u00e1les son tus metas profesionales?<\/strong><\/p>\n<p>R: En este momento aspiro a trabajar con agencias de viaje que me contraten para ir a un pa\u00eds y tomar fotograf\u00edas para promocionar el turismo.<\/p>\n<p><strong>P: Si pudieras definirte s\u00f3lo con tres palabras, \u00bfqu\u00e9 palabras elegir\u00edas?<\/strong><\/p>\n<p>R: Adaptable, cordial, inspirada.<\/p>\n<p><strong>P: \u00bfDe qu\u00e9 manera crees que estas cualidades te ayudar\u00e1n a adaptarte a la vida de la Rep\u00fablica Dominicana?<\/strong><\/p>\n<p>R: Creo que soy muy abierta a las nuevas costumbres y determinadas situaciones porque conozco a mucha gente, tengo amigos muy diferentes y me he adaptado a todos ellos. Creo que eso es muy importante aqu\u00ed porque Santo Domingo no es como Ohio y la capacidad de adaptarse resulta muy \u00fatil.<\/p>\n<p><strong>P: Cu\u00e9ntanos algo que te divierta hacer y que no conozcamos de ti.<br \/>\n<\/strong><br \/>\nR: Me gusta hacer collage. Cuando estoy de mal humor busco revistas y paso horas haciendo alg\u00fan collage. Despu\u00e9s me siento mejor. Para m\u00ed el arte es sanador.<\/p>\n<p><strong>P: \u00bfParticipas en alg\u00fan proyecto cinematogr\u00e1fico o fotogr\u00e1fico externo a la universidad?<\/strong><br \/>\nR: He tomado fotograf\u00edas de manera independiente. Queda cerca un centro municipal llamado Sylvania que quer\u00eda im\u00e1genes de su ciudad y me pidieron que tomara fotograf\u00edas para su p\u00e1gina web. Ese fue el primer encargo independiente que he hecho en fotograf\u00eda.<\/p>\n<p>Cuando Kim regrese a la Universidad de Toledo ser\u00e1 embajadora del pa\u00eds y del programa ante los estudiantes de licenciatura que est\u00e9n interesados en viajar a la Rep\u00fablica Dominicana para participar en experiencias acad\u00e9micas y profesionales, adem\u00e1s ser\u00e1 un nexo importante para los estudiantes del campus.<\/p>\n<p>Obtenga m\u00e1s informaci\u00f3n acerca de c\u00f3mo el Programa de Corresponsales ayuda a los estudiantes a mejorar sus hojas de vida en las \u00e1reas de Comunicaciones, Mercadeo y Relaciones P\u00fablicas <a href=\"http:\/\/interdominternships.org\/news205.asp\">aqu\u00ed<\/a>.Las experiencias de Kim y de otros Corresponsales de InteRDom en la Rep\u00fablica Dominicana pueden leerse en el <a href=\"http:\/\/www.interdominternships.blogspot.com\/\">blog de InteRDom<\/a>. Cons\u00faltalo con frecuencia para enterarte de las enriquecedoras oportunidades de aprendizaje y desarrollo profesional que ofrece la Rep\u00fablica Dominicana.<\/p>\n<p>El programa de pasant\u00edas InteRDom, una iniciativa de la Global Foundation for Democracy and Development (<a href=\"http:\/\/www.globalfoundationdd.org\/\" target=\"_blank\">GFDD<\/a>) y de la Fundaci\u00f3n Global Democracia y Desarrollo ( <a href=\"http:\/\/www.funglode.org\/\">FUNGLODE<\/a>), es el programa l\u00edder de pasant\u00edas de investigaci\u00f3n y de estudios acad\u00e9micos en la Rep\u00fablica Dominicana. Ofrece a los estudiantes extranjeros la oportunidad de investigar temas importantes y de punta en la agenda de las Naciones Unidas, obtener experiencia profesional a trav\u00e9s de pasant\u00edas en organizaciones y en empresas dominicanas relacionadas con sus campos de estudio, y \/ o obtener cr\u00e9ditos acad\u00e9micos por los cursos y seminarios que tomen en una universidad local.<\/p>","protected":false},"excerpt":{"rendered":"<p>Disculpa, pero esta entrada est\u00e1 disponible s\u00f3lo en ingl\u00e9s estadounidense.<\/p>\n","protected":false},"author":1,"featured_media":0,"comment_status":"open","ping_status":"open","sticky":false,"template":"","format":"standard","meta":[],"categories":[8],"tags":[],"_links":{"self":[{"href":"https:\/\/www.interdominternships.org\/es\/wp-json\/wp\/v2\/posts\/1003"}],"collection":[{"href":"https:\/\/www.interdominternships.org\/es\/wp-json\/wp\/v2\/posts"}],"about":[{"href":"https:\/\/www.interdominternships.org\/es\/wp-json\/wp\/v2\/types\/post"}],"author":[{"embeddable":true,"href":"https:\/\/www.interdominternships.org\/es\/wp-json\/wp\/v2\/users\/1"}],"replies":[{"embeddable":true,"href":"https:\/\/www.interdominternships.org\/es\/wp-json\/wp\/v2\/comments?post=1003"}],"version-history":[{"count":4,"href":"https:\/\/www.interdominternships.org\/es\/wp-json\/wp\/v2\/posts\/1003\/revisions"}],"predecessor-version":[{"id":3470,"href":"https:\/\/www.interdominternships.org\/es\/wp-json\/wp\/v2\/posts\/1003\/revisions\/3470"}],"wp:attachment":[{"href":"https:\/\/www.interdominternships.org\/es\/wp-json\/wp\/v2\/media?parent=1003"}],"wp:term":[{"taxonomy":"category","embeddable":true,"href":"https:\/\/www.interdominternships.org\/es\/wp-json\/wp\/v2\/categories?post=1003"},{"taxonomy":"post_tag","embeddable":true,"href":"https:\/\/www.interdominternships.org\/es\/wp-json\/wp\/v2\/tags?post=1003"}],"curies":[{"name":"wp","href":"https:\/\/api.w.org\/{rel}","templated":true}]}}